{"id":1034,"date":"2022-11-16T12:45:16","date_gmt":"2022-11-16T12:45:16","guid":{"rendered":"https:\/\/danilagenco.com\/?p=1034"},"modified":"2022-11-16T12:47:08","modified_gmt":"2022-11-16T12:47:08","slug":"micropigmentacion-para-hombres","status":"publish","type":"post","link":"https:\/\/danilagenco.com\/en\/micropigmentacion-para-hombres\/","title":{"rendered":"\u00bfMicropigmentaci\u00f3n para hombres? \u00a1Claro que s\u00ed!"},"content":{"rendered":"<p class=\"wp-block-paragraph\">Todos sabemos lo importante que es mantener unas cejas bien cuidadas y definidas para nuestra imagen personal y realzar nuestros rasgos, pero hay una duda muy frecuente: La micropigmentaci\u00f3n \u00bftambi\u00e9n es para hombres? <\/p>\n\n\n\n<p class=\"wp-block-paragraph\">Por supuesto que s\u00ed, y te cuento que cada vez son m\u00e1s los hombres que conf\u00edan en un buen dise\u00f1o de cejas para sacar el mejor partido posible a su rostro y mirada.<\/p>\n\n\n\n<p class=\"wp-block-paragraph\"><a href=\"https:\/\/danilagenco.com\/en\/servicios\/micropigmentacion-barcelona\/micropigmentacion-de-cejas\/\" target=\"_blank\" rel=\"noreferrer noopener\">La micropigmentaci\u00f3n<\/a> con un efecto sombreado es una soluci\u00f3n fant\u00e1stica para hombres que han perdido el pelo facial, incluyendo la zona de las cejas, as\u00ed como tambi\u00e9n es perfecta para quienes quieren verse siempre con las cejas arregladas, m\u00e1s llenas y voluminosas.<\/p>\n\n\n\n<h2 class=\"wp-block-heading\">\u00bfExiste diferencia entre la micropigmentaci\u00f3n para hombres y para mujeres?<\/h2>\n\n\n\n<p class=\"wp-block-paragraph\">El procedimiento es b\u00e1sicamente el mismo y se realiza depositando pigmentos en la epidermis con el objetivo de dar color, forma y volumen. La \u00fanica diferencia significativa es la forma que tendr\u00e1 la ceja, ya que los hombres suelen tener las cejas un poco m\u00e1s gruesas y menos arqueadas. Tambi\u00e9n se puede aplicar un poco m\u00e1s de sombreado para brindar m\u00e1s densidad. <\/p>\n\n\n\n<figure class=\"wp-block-image aligncenter size-large is-resized\"><img fetchpriority=\"high\" decoding=\"async\" src=\"https:\/\/danilagenco.com\/wp-content\/uploads\/2022\/11\/micropigmentacion-para-hombres-en-barcelona-danila-genco-576x1024.jpg\" alt=\"\" class=\"wp-image-1084\" width=\"447\" height=\"795\" srcset=\"https:\/\/danilagenco.com\/wp-content\/uploads\/2022\/11\/micropigmentacion-para-hombres-en-barcelona-danila-genco-576x1024.jpg 576w, https:\/\/danilagenco.com\/wp-content\/uploads\/2022\/11\/micropigmentacion-para-hombres-en-barcelona-danila-genco-169x300.jpg 169w, https:\/\/danilagenco.com\/wp-content\/uploads\/2022\/11\/micropigmentacion-para-hombres-en-barcelona-danila-genco-7x12.jpg 7w, https:\/\/danilagenco.com\/wp-content\/uploads\/2022\/11\/micropigmentacion-para-hombres-en-barcelona-danila-genco.jpg 608w\" sizes=\"(max-width: 447px) 100vw, 447px\" \/><\/figure>\n\n\n\n<h2 class=\"wp-block-heading\">\u00bfEl resultado ser\u00e1 natural?<\/h2>\n\n\n\n<p class=\"wp-block-paragraph\">\u00a1Totalmente! Siempre y cuando te hagas el tratamiento con un profesional experto en micropigmentaci\u00f3n y se realice correctamente.<\/p>\n\n\n\n<p class=\"wp-block-paragraph\">Durante los primeros d\u00edas despu\u00e9s de realizar el tratamiento, ver\u00e1s las cejas un poco m\u00e1s oscuras, sin embargo con el pasar de los d\u00edas el color se aclarar\u00e1 y combinar\u00e1 con tu color natural de pelo. Los resultados finales se ver\u00e1n muy naturales y tus rasgos se ver\u00e1n m\u00e1s definidos.<\/p>\n\n\n\n<figure class=\"wp-block-image aligncenter size-large is-resized\"><img decoding=\"async\" src=\"https:\/\/danilagenco.com\/wp-content\/uploads\/2022\/11\/micropigmentacion-para-hombres-en-barcelona-danila-genco2-576x1024.jpg\" alt=\"Micropigmentaci\u00f3n para hombres en Barcelona\" class=\"wp-image-1085\" width=\"339\" height=\"603\" srcset=\"https:\/\/danilagenco.com\/wp-content\/uploads\/2022\/11\/micropigmentacion-para-hombres-en-barcelona-danila-genco2-576x1024.jpg 576w, https:\/\/danilagenco.com\/wp-content\/uploads\/2022\/11\/micropigmentacion-para-hombres-en-barcelona-danila-genco2-169x300.jpg 169w, https:\/\/danilagenco.com\/wp-content\/uploads\/2022\/11\/micropigmentacion-para-hombres-en-barcelona-danila-genco2-7x12.jpg 7w, https:\/\/danilagenco.com\/wp-content\/uploads\/2022\/11\/micropigmentacion-para-hombres-en-barcelona-danila-genco2.jpg 608w\" sizes=\"(max-width: 339px) 100vw, 339px\" \/><\/figure>\n\n\n\n<h2 class=\"wp-block-heading\">\u00bfCu\u00e1nto tiempo dura la micropigmentaci\u00f3n en hombres?<\/h2>\n\n\n\n<p class=\"wp-block-paragraph\">La duraci\u00f3n del tratamiento es la misma que en las mujeres. Puede durar entre 1 y 2 a\u00f1os, dependiendo de los cuidados que tengas y cada cuanto tiempo hagas retoques. Si quieres m\u00e1s informaci\u00f3n sobre la micropigmentaci\u00f3n de cejas, mira este art\u00edculo: <a href=\"https:\/\/danilagenco.com\/en\/cejas-naturales-y-permanentes-con-micropigmentacion\/\" target=\"_blank\" rel=\"noreferrer noopener\">Cejas naturales y permanentes con Micropigmentaci\u00f3n.<\/a><\/p>\n\n\n\n<p class=\"wp-block-paragraph\">\u00bfEst\u00e1s interesado en hacerte un dise\u00f1o de cejas y micropigmentaci\u00f3n para hombres en Barcelona? <a href=\"https:\/\/api.whatsapp.com\/send\/?phone=34622415535&amp;text&amp;type=phone_number&amp;app_absent=0\" target=\"_blank\" rel=\"noreferrer noopener\">Cont\u00e1ctame a trav\u00e9s de WhatsApp<\/a> y con mucho gusto agendar\u00e9 una cita para ti.<\/p>","protected":false},"excerpt":{"rendered":"<p>Todos sabemos lo importante que es mantener unas cejas bien cuidadas y definidas para nuestra imagen personal y realzar nuestros rasgos, pero hay una duda muy frecuente: La micropigmentaci\u00f3n \u00bftambi\u00e9n es para hombres? Por supuesto que s\u00ed, y te cuento que cada vez son m\u00e1s los hombres que conf\u00edan en un buen dise\u00f1o de cejas [&hellip;]<\/p>","protected":false},"author":1,"featured_media":1086,"comment_status":"open","ping_status":"open","sticky":false,"template":"","format":"standard","meta":{"site-sidebar-layout":"default","site-content-layout":"","ast-site-content-layout":"default","site-content-style":"default","site-sidebar-style":"default","ast-global-header-display":"","ast-banner-title-visibility":"","ast-main-header-display":"","ast-hfb-above-header-display":"","ast-hfb-below-header-display":"","ast-hfb-mobile-header-display":"","site-post-title":"","ast-breadcrumbs-content":"","ast-featured-img":"","footer-sml-layout":"","ast-disable-related-posts":"","theme-transparent-header-meta":"","adv-header-id-meta":"","stick-header-meta":"","header-above-stick-meta":"","header-main-stick-meta":"","header-below-stick-meta":"","astra-migrate-meta-layouts":"default","ast-page-background-enabled":"default","ast-page-background-meta":{"desktop":{"background-color":"var(--ast-global-color-4)","background-image":"","background-repeat":"repeat","background-position":"center center","background-size":"auto","background-attachment":"scroll","background-type":"","background-media":"","overlay-type":"","overlay-color":"","overlay-opacity":"","overlay-gradient":""},"tablet":{"background-color":"","background-image":"","background-repeat":"repeat","background-position":"center center","background-size":"auto","background-attachment":"scroll","background-type":"","background-media":"","overlay-type":"","overlay-color":"","overlay-opacity":"","overlay-gradient":""},"mobile":{"background-color":"","background-image":"","background-repeat":"repeat","background-position":"center center","background-size":"auto","background-attachment":"scroll","background-type":"","background-media":"","overlay-type":"","overlay-color":"","overlay-opacity":"","overlay-gradient":""}},"ast-content-background-meta":{"desktop":{"background-color":"var(--ast-global-color-5)","background-image":"","background-repeat":"repeat","background-position":"center center","background-size":"auto","background-attachment":"scroll","background-type":"","background-media":"","overlay-type":"","overlay-color":"","overlay-opacity":"","overlay-gradient":""},"tablet":{"background-color":"var(--ast-global-color-5)","background-image":"","background-repeat":"repeat","background-position":"center center","background-size":"auto","background-attachment":"scroll","background-type":"","background-media":"","overlay-type":"","overlay-color":"","overlay-opacity":"","overlay-gradient":""},"mobile":{"background-color":"var(--ast-global-color-5)","background-image":"","background-repeat":"repeat","background-position":"center center","background-size":"auto","background-attachment":"scroll","background-type":"","background-media":"","overlay-type":"","overlay-color":"","overlay-opacity":"","overlay-gradient":""}},"footnotes":""},"categories":[7,1],"tags":[],"class_list":["post-1034","post","type-post","status-publish","format-standard","has-post-thumbnail","hentry","category-diseno-de-cejas-para-hombres","category-micropigmentacion"],"yoast_head":"<!-- This site is optimized with the Yoast SEO plugin v26.7 - https:\/\/yoast.com\/wordpress\/plugins\/seo\/ -->\n<title>\u00bfMicropigmentaci\u00f3n para hombres? \u00a1Claro que s\u00ed! - Danila Genco<\/title>\n<meta name=\"description\" content=\"\u00a1La micropigmentaci\u00f3n de cejas tambi\u00e9n es cosa de hombres! Es ideal para aquellos que han perdido pelo y quieren lucir siempre arreglados.\" \/>\n<meta name=\"robots\" content=\"index, follow, max-snippet:-1, max-image-preview:large, max-video-preview:-1\" \/>\n<link rel=\"canonical\" href=\"https:\/\/danilagenco.com\/en\/micropigmentacion-para-hombres\/\" \/>\n<meta property=\"og:locale\" content=\"en_US\" \/>\n<meta property=\"og:type\" content=\"article\" \/>\n<meta property=\"og:title\" content=\"\u00bfMicropigmentaci\u00f3n para hombres? \u00a1Claro que s\u00ed! - Danila Genco\" \/>\n<meta property=\"og:description\" content=\"\u00a1La micropigmentaci\u00f3n de cejas tambi\u00e9n es cosa de hombres! Es ideal para aquellos que han perdido pelo y quieren lucir siempre arreglados.\" \/>\n<meta property=\"og:url\" content=\"https:\/\/danilagenco.com\/en\/micropigmentacion-para-hombres\/\" \/>\n<meta property=\"og:site_name\" content=\"Danila Genco\" \/>\n<meta property=\"article:published_time\" content=\"2022-11-16T12:45:16+00:00\" \/>\n<meta property=\"article:modified_time\" content=\"2022-11-16T12:47:08+00:00\" \/>\n<meta property=\"og:image\" content=\"https:\/\/danilagenco.com\/wp-content\/uploads\/2022\/11\/Micropigmentacion-para-hombres-en-Barcelona-Danila-Genco-1.jpg\" \/>\n\t<meta property=\"og:image:width\" content=\"1920\" \/>\n\t<meta property=\"og:image:height\" content=\"1080\" \/>\n\t<meta property=\"og:image:type\" content=\"image\/jpeg\" \/>\n<meta name=\"author\" content=\"jessicaperezweb\" \/>\n<meta name=\"twitter:card\" content=\"summary_large_image\" \/>\n<meta name=\"twitter:label1\" content=\"Written by\" \/>\n\t<meta name=\"twitter:data1\" content=\"jessicaperezweb\" \/>\n\t<meta name=\"twitter:label2\" content=\"Est. reading time\" \/>\n\t<meta name=\"twitter:data2\" content=\"2 minutes\" \/>\n<script type=\"application\/ld+json\" class=\"yoast-schema-graph\">{\"@context\":\"https:\/\/schema.org\",\"@graph\":[{\"@type\":\"Article\",\"@id\":\"https:\/\/danilagenco.com\/micropigmentacion-para-hombres\/#article\",\"isPartOf\":{\"@id\":\"https:\/\/danilagenco.com\/micropigmentacion-para-hombres\/\"},\"author\":{\"name\":\"jessicaperezweb\",\"@id\":\"https:\/\/danilagenco.com\/#\/schema\/person\/2f23c68b14c44e078143972f4361ec12\"},\"headline\":\"\u00bfMicropigmentaci\u00f3n para hombres? \u00a1Claro que s\u00ed!\",\"datePublished\":\"2022-11-16T12:45:16+00:00\",\"dateModified\":\"2022-11-16T12:47:08+00:00\",\"mainEntityOfPage\":{\"@id\":\"https:\/\/danilagenco.com\/micropigmentacion-para-hombres\/\"},\"wordCount\":379,\"commentCount\":0,\"publisher\":{\"@id\":\"https:\/\/danilagenco.com\/#\/schema\/person\/87a15af95ead295e07120edd77a06f0b\"},\"image\":{\"@id\":\"https:\/\/danilagenco.com\/micropigmentacion-para-hombres\/#primaryimage\"},\"thumbnailUrl\":\"https:\/\/danilagenco.com\/wp-content\/uploads\/2022\/11\/Micropigmentacion-para-hombres-en-Barcelona-Danila-Genco-1.jpg\",\"articleSection\":[\"Dise\u00f1o de Cejas para Hombres\",\"Micropigmentaci\u00f3n\"],\"inLanguage\":\"en-US\",\"potentialAction\":[{\"@type\":\"CommentAction\",\"name\":\"Comment\",\"target\":[\"https:\/\/danilagenco.com\/micropigmentacion-para-hombres\/#respond\"]}]},{\"@type\":\"WebPage\",\"@id\":\"https:\/\/danilagenco.com\/micropigmentacion-para-hombres\/\",\"url\":\"https:\/\/danilagenco.com\/micropigmentacion-para-hombres\/\",\"name\":\"\u00bfMicropigmentaci\u00f3n para hombres? \u00a1Claro que s\u00ed! - Danila Genco\",\"isPartOf\":{\"@id\":\"https:\/\/danilagenco.com\/#website\"},\"primaryImageOfPage\":{\"@id\":\"https:\/\/danilagenco.com\/micropigmentacion-para-hombres\/#primaryimage\"},\"image\":{\"@id\":\"https:\/\/danilagenco.com\/micropigmentacion-para-hombres\/#primaryimage\"},\"thumbnailUrl\":\"https:\/\/danilagenco.com\/wp-content\/uploads\/2022\/11\/Micropigmentacion-para-hombres-en-Barcelona-Danila-Genco-1.jpg\",\"datePublished\":\"2022-11-16T12:45:16+00:00\",\"dateModified\":\"2022-11-16T12:47:08+00:00\",\"description\":\"\u00a1La micropigmentaci\u00f3n de cejas tambi\u00e9n es cosa de hombres! Es ideal para aquellos que han perdido pelo y quieren lucir siempre arreglados.\",\"inLanguage\":\"en-US\",\"potentialAction\":[{\"@type\":\"ReadAction\",\"target\":[\"https:\/\/danilagenco.com\/micropigmentacion-para-hombres\/\"]}]},{\"@type\":\"ImageObject\",\"inLanguage\":\"en-US\",\"@id\":\"https:\/\/danilagenco.com\/micropigmentacion-para-hombres\/#primaryimage\",\"url\":\"https:\/\/danilagenco.com\/wp-content\/uploads\/2022\/11\/Micropigmentacion-para-hombres-en-Barcelona-Danila-Genco-1.jpg\",\"contentUrl\":\"https:\/\/danilagenco.com\/wp-content\/uploads\/2022\/11\/Micropigmentacion-para-hombres-en-Barcelona-Danila-Genco-1.jpg\",\"width\":1920,\"height\":1080,\"caption\":\"Micropigmentaci\u00f3n para hombres en Barcelona\"},{\"@type\":\"WebSite\",\"@id\":\"https:\/\/danilagenco.com\/#website\",\"url\":\"https:\/\/danilagenco.com\/\",\"name\":\"Danila Genco\",\"description\":\"Microblading y Micropigmentaci\u00f3n en Barcelona\",\"publisher\":{\"@id\":\"https:\/\/danilagenco.com\/#\/schema\/person\/87a15af95ead295e07120edd77a06f0b\"},\"potentialAction\":[{\"@type\":\"SearchAction\",\"target\":{\"@type\":\"EntryPoint\",\"urlTemplate\":\"https:\/\/danilagenco.com\/?s={search_term_string}\"},\"query-input\":{\"@type\":\"PropertyValueSpecification\",\"valueRequired\":true,\"valueName\":\"search_term_string\"}}],\"inLanguage\":\"en-US\"},{\"@type\":[\"Person\",\"Organization\"],\"@id\":\"https:\/\/danilagenco.com\/#\/schema\/person\/87a15af95ead295e07120edd77a06f0b\",\"name\":\"Danila Genco\",\"image\":{\"@type\":\"ImageObject\",\"inLanguage\":\"en-US\",\"@id\":\"https:\/\/danilagenco.com\/#\/schema\/person\/image\/\",\"url\":\"https:\/\/danilagenco.com\/wp-content\/uploads\/2022\/01\/logo-danila-genco-1.png\",\"contentUrl\":\"https:\/\/danilagenco.com\/wp-content\/uploads\/2022\/01\/logo-danila-genco-1.png\",\"width\":422,\"height\":412,\"caption\":\"Danila Genco\"},\"logo\":{\"@id\":\"https:\/\/danilagenco.com\/#\/schema\/person\/image\/\"}},{\"@type\":\"Person\",\"@id\":\"https:\/\/danilagenco.com\/#\/schema\/person\/2f23c68b14c44e078143972f4361ec12\",\"name\":\"jessicaperezweb\",\"image\":{\"@type\":\"ImageObject\",\"inLanguage\":\"en-US\",\"@id\":\"https:\/\/danilagenco.com\/#\/schema\/person\/image\/\",\"url\":\"https:\/\/secure.gravatar.com\/avatar\/736d87b0bd945ab01adf5c249ecd25c4f19c1187b8043c776d03fbb99b7c45ca?s=96&d=mm&r=g\",\"contentUrl\":\"https:\/\/secure.gravatar.com\/avatar\/736d87b0bd945ab01adf5c249ecd25c4f19c1187b8043c776d03fbb99b7c45ca?s=96&d=mm&r=g\",\"caption\":\"jessicaperezweb\"},\"sameAs\":[\"https:\/\/danilagenco.com\"],\"url\":\"https:\/\/danilagenco.com\/en\/author\/jessicaperezweb\/\"}]}<\/script>\n<!-- \/ Yoast SEO plugin. -->","yoast_head_json":{"title":"\u00bfMicropigmentaci\u00f3n para hombres? \u00a1Claro que s\u00ed! - Danila Genco","description":"\u00a1La micropigmentaci\u00f3n de cejas tambi\u00e9n es cosa de hombres! Es ideal para aquellos que han perdido pelo y quieren lucir siempre arreglados.","robots":{"index":"index","follow":"follow","max-snippet":"max-snippet:-1","max-image-preview":"max-image-preview:large","max-video-preview":"max-video-preview:-1"},"canonical":"https:\/\/danilagenco.com\/en\/micropigmentacion-para-hombres\/","og_locale":"en_US","og_type":"article","og_title":"\u00bfMicropigmentaci\u00f3n para hombres? \u00a1Claro que s\u00ed! - Danila Genco","og_description":"\u00a1La micropigmentaci\u00f3n de cejas tambi\u00e9n es cosa de hombres! Es ideal para aquellos que han perdido pelo y quieren lucir siempre arreglados.","og_url":"https:\/\/danilagenco.com\/en\/micropigmentacion-para-hombres\/","og_site_name":"Danila Genco","article_published_time":"2022-11-16T12:45:16+00:00","article_modified_time":"2022-11-16T12:47:08+00:00","og_image":[{"width":1920,"height":1080,"url":"https:\/\/danilagenco.com\/wp-content\/uploads\/2022\/11\/Micropigmentacion-para-hombres-en-Barcelona-Danila-Genco-1.jpg","type":"image\/jpeg"}],"author":"jessicaperezweb","twitter_card":"summary_large_image","twitter_misc":{"Written by":"jessicaperezweb","Est. reading time":"2 minutes"},"schema":{"@context":"https:\/\/schema.org","@graph":[{"@type":"Article","@id":"https:\/\/danilagenco.com\/micropigmentacion-para-hombres\/#article","isPartOf":{"@id":"https:\/\/danilagenco.com\/micropigmentacion-para-hombres\/"},"author":{"name":"jessicaperezweb","@id":"https:\/\/danilagenco.com\/#\/schema\/person\/2f23c68b14c44e078143972f4361ec12"},"headline":"\u00bfMicropigmentaci\u00f3n para hombres? \u00a1Claro que s\u00ed!","datePublished":"2022-11-16T12:45:16+00:00","dateModified":"2022-11-16T12:47:08+00:00","mainEntityOfPage":{"@id":"https:\/\/danilagenco.com\/micropigmentacion-para-hombres\/"},"wordCount":379,"commentCount":0,"publisher":{"@id":"https:\/\/danilagenco.com\/#\/schema\/person\/87a15af95ead295e07120edd77a06f0b"},"image":{"@id":"https:\/\/danilagenco.com\/micropigmentacion-para-hombres\/#primaryimage"},"thumbnailUrl":"https:\/\/danilagenco.com\/wp-content\/uploads\/2022\/11\/Micropigmentacion-para-hombres-en-Barcelona-Danila-Genco-1.jpg","articleSection":["Dise\u00f1o de Cejas para Hombres","Micropigmentaci\u00f3n"],"inLanguage":"en-US","potentialAction":[{"@type":"CommentAction","name":"Comment","target":["https:\/\/danilagenco.com\/micropigmentacion-para-hombres\/#respond"]}]},{"@type":"WebPage","@id":"https:\/\/danilagenco.com\/micropigmentacion-para-hombres\/","url":"https:\/\/danilagenco.com\/micropigmentacion-para-hombres\/","name":"\u00bfMicropigmentaci\u00f3n para hombres? \u00a1Claro que s\u00ed! - Danila Genco","isPartOf":{"@id":"https:\/\/danilagenco.com\/#website"},"primaryImageOfPage":{"@id":"https:\/\/danilagenco.com\/micropigmentacion-para-hombres\/#primaryimage"},"image":{"@id":"https:\/\/danilagenco.com\/micropigmentacion-para-hombres\/#primaryimage"},"thumbnailUrl":"https:\/\/danilagenco.com\/wp-content\/uploads\/2022\/11\/Micropigmentacion-para-hombres-en-Barcelona-Danila-Genco-1.jpg","datePublished":"2022-11-16T12:45:16+00:00","dateModified":"2022-11-16T12:47:08+00:00","description":"\u00a1La micropigmentaci\u00f3n de cejas tambi\u00e9n es cosa de hombres! Es ideal para aquellos que han perdido pelo y quieren lucir siempre arreglados.","inLanguage":"en-US","potentialAction":[{"@type":"ReadAction","target":["https:\/\/danilagenco.com\/micropigmentacion-para-hombres\/"]}]},{"@type":"ImageObject","inLanguage":"en-US","@id":"https:\/\/danilagenco.com\/micropigmentacion-para-hombres\/#primaryimage","url":"https:\/\/danilagenco.com\/wp-content\/uploads\/2022\/11\/Micropigmentacion-para-hombres-en-Barcelona-Danila-Genco-1.jpg","contentUrl":"https:\/\/danilagenco.com\/wp-content\/uploads\/2022\/11\/Micropigmentacion-para-hombres-en-Barcelona-Danila-Genco-1.jpg","width":1920,"height":1080,"caption":"Micropigmentaci\u00f3n para hombres en Barcelona"},{"@type":"WebSite","@id":"https:\/\/danilagenco.com\/#website","url":"https:\/\/danilagenco.com\/","name":"Danila Genco","description":"Microblading y Micropigmentaci\u00f3n en Barcelona","publisher":{"@id":"https:\/\/danilagenco.com\/#\/schema\/person\/87a15af95ead295e07120edd77a06f0b"},"potentialAction":[{"@type":"SearchAction","target":{"@type":"EntryPoint","urlTemplate":"https:\/\/danilagenco.com\/?s={search_term_string}"},"query-input":{"@type":"PropertyValueSpecification","valueRequired":true,"valueName":"search_term_string"}}],"inLanguage":"en-US"},{"@type":["Person","Organization"],"@id":"https:\/\/danilagenco.com\/#\/schema\/person\/87a15af95ead295e07120edd77a06f0b","name":"Danila Genco","image":{"@type":"ImageObject","inLanguage":"en-US","@id":"https:\/\/danilagenco.com\/#\/schema\/person\/image\/","url":"https:\/\/danilagenco.com\/wp-content\/uploads\/2022\/01\/logo-danila-genco-1.png","contentUrl":"https:\/\/danilagenco.com\/wp-content\/uploads\/2022\/01\/logo-danila-genco-1.png","width":422,"height":412,"caption":"Danila Genco"},"logo":{"@id":"https:\/\/danilagenco.com\/#\/schema\/person\/image\/"}},{"@type":"Person","@id":"https:\/\/danilagenco.com\/#\/schema\/person\/2f23c68b14c44e078143972f4361ec12","name":"jessicaperezweb","image":{"@type":"ImageObject","inLanguage":"en-US","@id":"https:\/\/danilagenco.com\/#\/schema\/person\/image\/","url":"https:\/\/secure.gravatar.com\/avatar\/736d87b0bd945ab01adf5c249ecd25c4f19c1187b8043c776d03fbb99b7c45ca?s=96&d=mm&r=g","contentUrl":"https:\/\/secure.gravatar.com\/avatar\/736d87b0bd945ab01adf5c249ecd25c4f19c1187b8043c776d03fbb99b7c45ca?s=96&d=mm&r=g","caption":"jessicaperezweb"},"sameAs":["https:\/\/danilagenco.com"],"url":"https:\/\/danilagenco.com\/en\/author\/jessicaperezweb\/"}]}},"_links":{"self":[{"href":"https:\/\/danilagenco.com\/en\/wp-json\/wp\/v2\/posts\/1034","targetHints":{"allow":["GET"]}}],"collection":[{"href":"https:\/\/danilagenco.com\/en\/wp-json\/wp\/v2\/posts"}],"about":[{"href":"https:\/\/danilagenco.com\/en\/wp-json\/wp\/v2\/types\/post"}],"author":[{"embeddable":true,"href":"https:\/\/danilagenco.com\/en\/wp-json\/wp\/v2\/users\/1"}],"replies":[{"embeddable":true,"href":"https:\/\/danilagenco.com\/en\/wp-json\/wp\/v2\/comments?post=1034"}],"version-history":[{"count":2,"href":"https:\/\/danilagenco.com\/en\/wp-json\/wp\/v2\/posts\/1034\/revisions"}],"predecessor-version":[{"id":1087,"href":"https:\/\/danilagenco.com\/en\/wp-json\/wp\/v2\/posts\/1034\/revisions\/1087"}],"wp:featuredmedia":[{"embeddable":true,"href":"https:\/\/danilagenco.com\/en\/wp-json\/wp\/v2\/media\/1086"}],"wp:attachment":[{"href":"https:\/\/danilagenco.com\/en\/wp-json\/wp\/v2\/media?parent=1034"}],"wp:term":[{"taxonomy":"category","embeddable":true,"href":"https:\/\/danilagenco.com\/en\/wp-json\/wp\/v2\/categories?post=1034"},{"taxonomy":"post_tag","embeddable":true,"href":"https:\/\/danilagenco.com\/en\/wp-json\/wp\/v2\/tags?post=1034"}],"curies":[{"name":"wp","href":"https:\/\/api.w.org\/{rel}","templated":true}]}}