{"id":932,"date":"2022-10-27T21:41:19","date_gmt":"2022-10-27T21:41:19","guid":{"rendered":"https:\/\/danilagenco.com\/?p=932"},"modified":"2022-11-16T12:47:44","modified_gmt":"2022-11-16T12:47:44","slug":"microblading-que-es-y-cuanto-dura","status":"publish","type":"post","link":"https:\/\/danilagenco.com\/en\/microblading-que-es-y-cuanto-dura\/","title":{"rendered":"Microblading: \u00bfQu\u00e9 es y cu\u00e1nto tiempo dura?"},"content":{"rendered":"<p class=\"wp-block-paragraph\"><strong>Las cejas son el marco del rostro y la mirada <\/strong>y su cuidado adecuado, se ha convertido en una parte esencial de nuestras rutinas de belleza. Para las personas que tienen cejas irregulares, delgadas o desiguales y buscan los resultados m\u00e1s naturales, el <strong>microblading <\/strong>es una opci\u00f3n ideal.<\/p>\n\n\n\n<h2 class=\"wp-block-heading\"><strong>\u00bfQu\u00e9 es el Microblading?<\/strong><\/h2>\n\n\n\n<p class=\"wp-block-paragraph\">Es una <strong>t\u00e9cnica de maquillaje semipermanente<\/strong>, que se realiza para crear la ilusi\u00f3n de cejas m\u00e1s pobladas y llenas. Primero, se debe definir la forma adecuada de las cejas para el rostro del cliente y despu\u00e9s se elige el color que coincida con el color natural del cabello y la matiz de la piel. Se realiza con una herramienta en forma de cuchilla con una fila de agujas diminutas y apenas visibles para <strong>crear trazos similares a cabellos a lo largo de las cejas mientras deposita pigmento en la piel<\/strong>.<\/p>\n\n\n\n<figure class=\"wp-block-image aligncenter size-full is-resized\"><img fetchpriority=\"high\" decoding=\"async\" src=\"https:\/\/danilagenco.com\/wp-content\/uploads\/2022\/01\/Microblading-Barcelona-Danila-Genco-2.jpg\" alt=\"\" class=\"wp-image-138\" width=\"403\" height=\"537\" srcset=\"https:\/\/danilagenco.com\/wp-content\/uploads\/2022\/01\/Microblading-Barcelona-Danila-Genco-2.jpg 768w, https:\/\/danilagenco.com\/wp-content\/uploads\/2022\/01\/Microblading-Barcelona-Danila-Genco-2-225x300.jpg 225w\" sizes=\"(max-width: 403px) 100vw, 403px\" \/><\/figure>\n\n\n\n<h2 class=\"wp-block-heading\">How long does Microblading last?<\/h2>\n\n\n\n<p class=\"wp-block-paragraph\">El efecto del Microblading puede durar hasta 1 a\u00f1o, sin embargo, puede variar dependiendo del tipo de piel o de factores ambientales. Algunas pieles absorben mejor la tinta y por ende esto puede prolongar su duraci\u00f3n. Tambi\u00e9n es importante tomar en cuenta el mantenimiento y los retoques. Los pigmentos utilizados en esta t\u00e9cnica se desvanencen con el tiempo, por lo que aplicar retoques es muy recomendado para mantener el resultado.<\/p>\n\n\n\n<p class=\"wp-block-paragraph\">Adem\u00e1s, para garantizar la durabilidad del tratamiento, se debe tener presente una preparaci\u00f3n previa en la piel y los cuidados posteriores.<\/p>\n\n\n\n<h3 class=\"wp-block-heading\">Preparaci\u00f3n previa al tratamiento<\/h3>\n\n\n\n<ul class=\"wp-block-list\">\n<li>Lava y peina tu cabello antes del procedimiento para que no tengas que mojarlo despu\u00e9s de haberlo realizado, ya que es importante mantener el \u00e1rea seca.<\/li>\n\n\n\n<li>Evitar bronceados y tomar sol al menos 3 d\u00edas antes del procedimiento.<\/li>\n\n\n\n<li>Evita peelings o tratamientos faciales fuertes que puedan poner tu piel sensible.<\/li>\n<\/ul>\n\n\n\n<h3 class=\"wp-block-heading\">Cuidados posteriores<\/h3>\n\n\n\n<ul class=\"wp-block-list\">\n<li>Es fundamental no usar maquillaje en las cejas o alrededor de ellas durante los primeros 7 a 10 d\u00edas. Hay que procurar mantener el \u00e1rea lo m\u00e1s limpia posible.<\/li>\n\n\n\n<li>Se debe evitar sudar las cejas, por lo que tendr\u00e1s que alejarte de los ejercicios en la primera semana.<\/li>\n\n\n\n<li>Evita la luz solar directa o el bronceado durante las primeras semanas.<\/li>\n\n\n\n<li>No utilices exfoliantes ni peelings faciales.<\/li>\n\n\n\n<li>Desp\u00eddete del retinol al menos por un mes despu\u00e9s de realizado el procedimiento.<\/li>\n<\/ul>\n\n\n\n<figure class=\"wp-block-image aligncenter size-full is-resized\"><img decoding=\"async\" src=\"https:\/\/danilagenco.com\/wp-content\/uploads\/2022\/01\/Microblading-Barcelona-Danila-Genco-13.jpg\" alt=\"\" class=\"wp-image-146\" width=\"457\" height=\"609\" srcset=\"https:\/\/danilagenco.com\/wp-content\/uploads\/2022\/01\/Microblading-Barcelona-Danila-Genco-13.jpg 768w, https:\/\/danilagenco.com\/wp-content\/uploads\/2022\/01\/Microblading-Barcelona-Danila-Genco-13-225x300.jpg 225w\" sizes=\"(max-width: 457px) 100vw, 457px\" \/><\/figure>\n\n\n\n<h2 class=\"wp-block-heading\">\u00bfTiene efectos secundarios?<\/h2>\n\n\n\n<p class=\"wp-block-paragraph\">Si acudes a un artista de cejas confiable, cualificado y experimentado, no deber\u00edan existir efectos secundarios. Si sigues todas las recomendaciones sobre el cuidado posterior, las cejas deben cicatrizar correctamente sin presentar infecciones o irritaciones.<\/p>\n\n\n\n<p class=\"wp-block-paragraph\">Si te interesa realizarte un <a href=\"https:\/\/danilagenco.com\/en\/servicios\/microblading-barcelona\/\" target=\"_blank\" rel=\"noreferrer noopener\">Microblading en Barcelona<\/a>, puedes <a href=\"https:\/\/api.whatsapp.com\/send\/?phone=34622415535&amp;text&amp;type=phone_number&amp;app_absent=0\" target=\"_blank\" rel=\"noreferrer noopener\">contactarme a trav\u00e9s de mi WhatsApp<\/a> para agendar una cita conmigo.<\/p>","protected":false},"excerpt":{"rendered":"<p>\u00bfQuieres saberlo todo sobre el Microblading? En este art\u00edculo te lo cuento. Atr\u00e9vete a realzar tu belleza realiz\u00e1ndote este tratamiento.<\/p>","protected":false},"author":1,"featured_media":942,"comment_status":"open","ping_status":"open","sticky":false,"template":"","format":"standard","meta":{"site-sidebar-layout":"default","site-content-layout":"","ast-site-content-layout":"default","site-content-style":"default","site-sidebar-style":"default","ast-global-header-display":"","ast-banner-title-visibility":"","ast-main-header-display":"","ast-hfb-above-header-display":"","ast-hfb-below-header-display":"","ast-hfb-mobile-header-display":"","site-post-title":"","ast-breadcrumbs-content":"","ast-featured-img":"","footer-sml-layout":"","ast-disable-related-posts":"","theme-transparent-header-meta":"","adv-header-id-meta":"","stick-header-meta":"","header-above-stick-meta":"","header-main-stick-meta":"","header-below-stick-meta":"","astra-migrate-meta-layouts":"default","ast-page-background-enabled":"default","ast-page-background-meta":{"desktop":{"background-color":"var(--ast-global-color-4)","background-image":"","background-repeat":"repeat","background-position":"center center","background-size":"auto","background-attachment":"scroll","background-type":"","background-media":"","overlay-type":"","overlay-color":"","overlay-opacity":"","overlay-gradient":""},"tablet":{"background-color":"","background-image":"","background-repeat":"repeat","background-position":"center center","background-size":"auto","background-attachment":"scroll","background-type":"","background-media":"","overlay-type":"","overlay-color":"","overlay-opacity":"","overlay-gradient":""},"mobile":{"background-color":"","background-image":"","background-repeat":"repeat","background-position":"center center","background-size":"auto","background-attachment":"scroll","background-type":"","background-media":"","overlay-type":"","overlay-color":"","overlay-opacity":"","overlay-gradient":""}},"ast-content-background-meta":{"desktop":{"background-color":"var(--ast-global-color-5)","background-image":"","background-repeat":"repeat","background-position":"center center","background-size":"auto","background-attachment":"scroll","background-type":"","background-media":"","overlay-type":"","overlay-color":"","overlay-opacity":"","overlay-gradient":""},"tablet":{"background-color":"var(--ast-global-color-5)","background-image":"","background-repeat":"repeat","background-position":"center center","background-size":"auto","background-attachment":"scroll","background-type":"","background-media":"","overlay-type":"","overlay-color":"","overlay-opacity":"","overlay-gradient":""},"mobile":{"background-color":"var(--ast-global-color-5)","background-image":"","background-repeat":"repeat","background-position":"center center","background-size":"auto","background-attachment":"scroll","background-type":"","background-media":"","overlay-type":"","overlay-color":"","overlay-opacity":"","overlay-gradient":""}},"footnotes":""},"categories":[8,1],"tags":[],"class_list":["post-932","post","type-post","status-publish","format-standard","has-post-thumbnail","hentry","category-microblading","category-micropigmentacion"],"yoast_head":"<!-- This site is optimized with the Yoast SEO plugin v26.7 - https:\/\/yoast.com\/wordpress\/plugins\/seo\/ -->\n<title>Microblading: \u00bfQu\u00e9 es y cu\u00e1nto tiempo dura? - Danila Genco<\/title>\n<meta name=\"description\" content=\"\u00bfQuieres saberlo todo sobre el Microblading? En este art\u00edculo te lo cuento. Atr\u00e9vete a realzar tu belleza realiz\u00e1ndote este tratamiento.\" \/>\n<meta name=\"robots\" content=\"index, follow, max-snippet:-1, max-image-preview:large, max-video-preview:-1\" \/>\n<link rel=\"canonical\" href=\"https:\/\/danilagenco.com\/en\/microblading-que-es-y-cuanto-dura\/\" \/>\n<meta property=\"og:locale\" content=\"en_US\" \/>\n<meta property=\"og:type\" content=\"article\" \/>\n<meta property=\"og:title\" content=\"Microblading: \u00bfQu\u00e9 es y cu\u00e1nto tiempo dura? - Danila Genco\" \/>\n<meta property=\"og:description\" content=\"\u00bfQuieres saberlo todo sobre el Microblading? En este art\u00edculo te lo cuento. Atr\u00e9vete a realzar tu belleza realiz\u00e1ndote este tratamiento.\" \/>\n<meta property=\"og:url\" content=\"https:\/\/danilagenco.com\/en\/microblading-que-es-y-cuanto-dura\/\" \/>\n<meta property=\"og:site_name\" content=\"Danila Genco\" \/>\n<meta property=\"article:published_time\" content=\"2022-10-27T21:41:19+00:00\" \/>\n<meta property=\"article:modified_time\" content=\"2022-11-16T12:47:44+00:00\" \/>\n<meta property=\"og:image\" content=\"https:\/\/danilagenco.com\/wp-content\/uploads\/2022\/10\/Microblading-que-es-y-cuanto-tiempo-dura.jpg\" \/>\n\t<meta property=\"og:image:width\" content=\"1920\" \/>\n\t<meta property=\"og:image:height\" content=\"1080\" \/>\n\t<meta property=\"og:image:type\" content=\"image\/jpeg\" \/>\n<meta name=\"author\" content=\"jessicaperezweb\" \/>\n<meta name=\"twitter:card\" content=\"summary_large_image\" \/>\n<meta name=\"twitter:title\" content=\"Microblading: \u00bfQu\u00e9 es y cu\u00e1nto tiempo dura? - Danila Genco\" \/>\n<meta name=\"twitter:description\" content=\"\u00bfQuieres saberlo todo sobre el Microblading? En este art\u00edculo te lo cuento. Atr\u00e9vete a realzar tu belleza realiz\u00e1ndote este tratamiento.\" \/>\n<meta name=\"twitter:image\" content=\"https:\/\/danilagenco.com\/wp-content\/uploads\/2022\/10\/Microblading-que-es-y-cuanto-tiempo-dura.jpg\" \/>\n<meta name=\"twitter:label1\" content=\"Written by\" \/>\n\t<meta name=\"twitter:data1\" content=\"jessicaperezweb\" \/>\n\t<meta name=\"twitter:label2\" content=\"Est. reading time\" \/>\n\t<meta name=\"twitter:data2\" content=\"3 minutes\" \/>\n<script type=\"application\/ld+json\" class=\"yoast-schema-graph\">{\"@context\":\"https:\/\/schema.org\",\"@graph\":[{\"@type\":\"Article\",\"@id\":\"https:\/\/danilagenco.com\/microblading-que-es-y-cuanto-dura\/#article\",\"isPartOf\":{\"@id\":\"https:\/\/danilagenco.com\/microblading-que-es-y-cuanto-dura\/\"},\"author\":{\"name\":\"jessicaperezweb\",\"@id\":\"https:\/\/danilagenco.com\/#\/schema\/person\/2f23c68b14c44e078143972f4361ec12\"},\"headline\":\"Microblading: \u00bfQu\u00e9 es y cu\u00e1nto tiempo dura?\",\"datePublished\":\"2022-10-27T21:41:19+00:00\",\"dateModified\":\"2022-11-16T12:47:44+00:00\",\"mainEntityOfPage\":{\"@id\":\"https:\/\/danilagenco.com\/microblading-que-es-y-cuanto-dura\/\"},\"wordCount\":457,\"commentCount\":0,\"publisher\":{\"@id\":\"https:\/\/danilagenco.com\/#\/schema\/person\/87a15af95ead295e07120edd77a06f0b\"},\"image\":{\"@id\":\"https:\/\/danilagenco.com\/microblading-que-es-y-cuanto-dura\/#primaryimage\"},\"thumbnailUrl\":\"https:\/\/danilagenco.com\/wp-content\/uploads\/2022\/10\/Microblading-que-es-y-cuanto-tiempo-dura.jpg\",\"articleSection\":[\"Microblading\",\"Micropigmentaci\u00f3n\"],\"inLanguage\":\"en-US\",\"potentialAction\":[{\"@type\":\"CommentAction\",\"name\":\"Comment\",\"target\":[\"https:\/\/danilagenco.com\/microblading-que-es-y-cuanto-dura\/#respond\"]}]},{\"@type\":\"WebPage\",\"@id\":\"https:\/\/danilagenco.com\/microblading-que-es-y-cuanto-dura\/\",\"url\":\"https:\/\/danilagenco.com\/microblading-que-es-y-cuanto-dura\/\",\"name\":\"Microblading: \u00bfQu\u00e9 es y cu\u00e1nto tiempo dura? - Danila Genco\",\"isPartOf\":{\"@id\":\"https:\/\/danilagenco.com\/#website\"},\"primaryImageOfPage\":{\"@id\":\"https:\/\/danilagenco.com\/microblading-que-es-y-cuanto-dura\/#primaryimage\"},\"image\":{\"@id\":\"https:\/\/danilagenco.com\/microblading-que-es-y-cuanto-dura\/#primaryimage\"},\"thumbnailUrl\":\"https:\/\/danilagenco.com\/wp-content\/uploads\/2022\/10\/Microblading-que-es-y-cuanto-tiempo-dura.jpg\",\"datePublished\":\"2022-10-27T21:41:19+00:00\",\"dateModified\":\"2022-11-16T12:47:44+00:00\",\"description\":\"\u00bfQuieres saberlo todo sobre el Microblading? En este art\u00edculo te lo cuento. Atr\u00e9vete a realzar tu belleza realiz\u00e1ndote este tratamiento.\",\"inLanguage\":\"en-US\",\"potentialAction\":[{\"@type\":\"ReadAction\",\"target\":[\"https:\/\/danilagenco.com\/microblading-que-es-y-cuanto-dura\/\"]}]},{\"@type\":\"ImageObject\",\"inLanguage\":\"en-US\",\"@id\":\"https:\/\/danilagenco.com\/microblading-que-es-y-cuanto-dura\/#primaryimage\",\"url\":\"https:\/\/danilagenco.com\/wp-content\/uploads\/2022\/10\/Microblading-que-es-y-cuanto-tiempo-dura.jpg\",\"contentUrl\":\"https:\/\/danilagenco.com\/wp-content\/uploads\/2022\/10\/Microblading-que-es-y-cuanto-tiempo-dura.jpg\",\"width\":1920,\"height\":1080,\"caption\":\"Microblading Barcelona\"},{\"@type\":\"WebSite\",\"@id\":\"https:\/\/danilagenco.com\/#website\",\"url\":\"https:\/\/danilagenco.com\/\",\"name\":\"Danila Genco\",\"description\":\"Microblading y Micropigmentaci\u00f3n en Barcelona\",\"publisher\":{\"@id\":\"https:\/\/danilagenco.com\/#\/schema\/person\/87a15af95ead295e07120edd77a06f0b\"},\"potentialAction\":[{\"@type\":\"SearchAction\",\"target\":{\"@type\":\"EntryPoint\",\"urlTemplate\":\"https:\/\/danilagenco.com\/?s={search_term_string}\"},\"query-input\":{\"@type\":\"PropertyValueSpecification\",\"valueRequired\":true,\"valueName\":\"search_term_string\"}}],\"inLanguage\":\"en-US\"},{\"@type\":[\"Person\",\"Organization\"],\"@id\":\"https:\/\/danilagenco.com\/#\/schema\/person\/87a15af95ead295e07120edd77a06f0b\",\"name\":\"Danila Genco\",\"image\":{\"@type\":\"ImageObject\",\"inLanguage\":\"en-US\",\"@id\":\"https:\/\/danilagenco.com\/#\/schema\/person\/image\/\",\"url\":\"https:\/\/danilagenco.com\/wp-content\/uploads\/2022\/01\/logo-danila-genco-1.png\",\"contentUrl\":\"https:\/\/danilagenco.com\/wp-content\/uploads\/2022\/01\/logo-danila-genco-1.png\",\"width\":422,\"height\":412,\"caption\":\"Danila Genco\"},\"logo\":{\"@id\":\"https:\/\/danilagenco.com\/#\/schema\/person\/image\/\"}},{\"@type\":\"Person\",\"@id\":\"https:\/\/danilagenco.com\/#\/schema\/person\/2f23c68b14c44e078143972f4361ec12\",\"name\":\"jessicaperezweb\",\"image\":{\"@type\":\"ImageObject\",\"inLanguage\":\"en-US\",\"@id\":\"https:\/\/danilagenco.com\/#\/schema\/person\/image\/\",\"url\":\"https:\/\/secure.gravatar.com\/avatar\/736d87b0bd945ab01adf5c249ecd25c4f19c1187b8043c776d03fbb99b7c45ca?s=96&d=mm&r=g\",\"contentUrl\":\"https:\/\/secure.gravatar.com\/avatar\/736d87b0bd945ab01adf5c249ecd25c4f19c1187b8043c776d03fbb99b7c45ca?s=96&d=mm&r=g\",\"caption\":\"jessicaperezweb\"},\"sameAs\":[\"https:\/\/danilagenco.com\"],\"url\":\"https:\/\/danilagenco.com\/en\/author\/jessicaperezweb\/\"}]}<\/script>\n<!-- \/ Yoast SEO plugin. -->","yoast_head_json":{"title":"Microblading: \u00bfQu\u00e9 es y cu\u00e1nto tiempo dura? - Danila Genco","description":"\u00bfQuieres saberlo todo sobre el Microblading? En este art\u00edculo te lo cuento. Atr\u00e9vete a realzar tu belleza realiz\u00e1ndote este tratamiento.","robots":{"index":"index","follow":"follow","max-snippet":"max-snippet:-1","max-image-preview":"max-image-preview:large","max-video-preview":"max-video-preview:-1"},"canonical":"https:\/\/danilagenco.com\/en\/microblading-que-es-y-cuanto-dura\/","og_locale":"en_US","og_type":"article","og_title":"Microblading: \u00bfQu\u00e9 es y cu\u00e1nto tiempo dura? - Danila Genco","og_description":"\u00bfQuieres saberlo todo sobre el Microblading? En este art\u00edculo te lo cuento. Atr\u00e9vete a realzar tu belleza realiz\u00e1ndote este tratamiento.","og_url":"https:\/\/danilagenco.com\/en\/microblading-que-es-y-cuanto-dura\/","og_site_name":"Danila Genco","article_published_time":"2022-10-27T21:41:19+00:00","article_modified_time":"2022-11-16T12:47:44+00:00","og_image":[{"width":1920,"height":1080,"url":"https:\/\/danilagenco.com\/wp-content\/uploads\/2022\/10\/Microblading-que-es-y-cuanto-tiempo-dura.jpg","type":"image\/jpeg"}],"author":"jessicaperezweb","twitter_card":"summary_large_image","twitter_title":"Microblading: \u00bfQu\u00e9 es y cu\u00e1nto tiempo dura? - Danila Genco","twitter_description":"\u00bfQuieres saberlo todo sobre el Microblading? En este art\u00edculo te lo cuento. Atr\u00e9vete a realzar tu belleza realiz\u00e1ndote este tratamiento.","twitter_image":"https:\/\/danilagenco.com\/wp-content\/uploads\/2022\/10\/Microblading-que-es-y-cuanto-tiempo-dura.jpg","twitter_misc":{"Written by":"jessicaperezweb","Est. reading time":"3 minutes"},"schema":{"@context":"https:\/\/schema.org","@graph":[{"@type":"Article","@id":"https:\/\/danilagenco.com\/microblading-que-es-y-cuanto-dura\/#article","isPartOf":{"@id":"https:\/\/danilagenco.com\/microblading-que-es-y-cuanto-dura\/"},"author":{"name":"jessicaperezweb","@id":"https:\/\/danilagenco.com\/#\/schema\/person\/2f23c68b14c44e078143972f4361ec12"},"headline":"Microblading: \u00bfQu\u00e9 es y cu\u00e1nto tiempo dura?","datePublished":"2022-10-27T21:41:19+00:00","dateModified":"2022-11-16T12:47:44+00:00","mainEntityOfPage":{"@id":"https:\/\/danilagenco.com\/microblading-que-es-y-cuanto-dura\/"},"wordCount":457,"commentCount":0,"publisher":{"@id":"https:\/\/danilagenco.com\/#\/schema\/person\/87a15af95ead295e07120edd77a06f0b"},"image":{"@id":"https:\/\/danilagenco.com\/microblading-que-es-y-cuanto-dura\/#primaryimage"},"thumbnailUrl":"https:\/\/danilagenco.com\/wp-content\/uploads\/2022\/10\/Microblading-que-es-y-cuanto-tiempo-dura.jpg","articleSection":["Microblading","Micropigmentaci\u00f3n"],"inLanguage":"en-US","potentialAction":[{"@type":"CommentAction","name":"Comment","target":["https:\/\/danilagenco.com\/microblading-que-es-y-cuanto-dura\/#respond"]}]},{"@type":"WebPage","@id":"https:\/\/danilagenco.com\/microblading-que-es-y-cuanto-dura\/","url":"https:\/\/danilagenco.com\/microblading-que-es-y-cuanto-dura\/","name":"Microblading: \u00bfQu\u00e9 es y cu\u00e1nto tiempo dura? - Danila Genco","isPartOf":{"@id":"https:\/\/danilagenco.com\/#website"},"primaryImageOfPage":{"@id":"https:\/\/danilagenco.com\/microblading-que-es-y-cuanto-dura\/#primaryimage"},"image":{"@id":"https:\/\/danilagenco.com\/microblading-que-es-y-cuanto-dura\/#primaryimage"},"thumbnailUrl":"https:\/\/danilagenco.com\/wp-content\/uploads\/2022\/10\/Microblading-que-es-y-cuanto-tiempo-dura.jpg","datePublished":"2022-10-27T21:41:19+00:00","dateModified":"2022-11-16T12:47:44+00:00","description":"\u00bfQuieres saberlo todo sobre el Microblading? En este art\u00edculo te lo cuento. Atr\u00e9vete a realzar tu belleza realiz\u00e1ndote este tratamiento.","inLanguage":"en-US","potentialAction":[{"@type":"ReadAction","target":["https:\/\/danilagenco.com\/microblading-que-es-y-cuanto-dura\/"]}]},{"@type":"ImageObject","inLanguage":"en-US","@id":"https:\/\/danilagenco.com\/microblading-que-es-y-cuanto-dura\/#primaryimage","url":"https:\/\/danilagenco.com\/wp-content\/uploads\/2022\/10\/Microblading-que-es-y-cuanto-tiempo-dura.jpg","contentUrl":"https:\/\/danilagenco.com\/wp-content\/uploads\/2022\/10\/Microblading-que-es-y-cuanto-tiempo-dura.jpg","width":1920,"height":1080,"caption":"Microblading Barcelona"},{"@type":"WebSite","@id":"https:\/\/danilagenco.com\/#website","url":"https:\/\/danilagenco.com\/","name":"Danila Genco","description":"Microblading y Micropigmentaci\u00f3n en Barcelona","publisher":{"@id":"https:\/\/danilagenco.com\/#\/schema\/person\/87a15af95ead295e07120edd77a06f0b"},"potentialAction":[{"@type":"SearchAction","target":{"@type":"EntryPoint","urlTemplate":"https:\/\/danilagenco.com\/?s={search_term_string}"},"query-input":{"@type":"PropertyValueSpecification","valueRequired":true,"valueName":"search_term_string"}}],"inLanguage":"en-US"},{"@type":["Person","Organization"],"@id":"https:\/\/danilagenco.com\/#\/schema\/person\/87a15af95ead295e07120edd77a06f0b","name":"Danila Genco","image":{"@type":"ImageObject","inLanguage":"en-US","@id":"https:\/\/danilagenco.com\/#\/schema\/person\/image\/","url":"https:\/\/danilagenco.com\/wp-content\/uploads\/2022\/01\/logo-danila-genco-1.png","contentUrl":"https:\/\/danilagenco.com\/wp-content\/uploads\/2022\/01\/logo-danila-genco-1.png","width":422,"height":412,"caption":"Danila Genco"},"logo":{"@id":"https:\/\/danilagenco.com\/#\/schema\/person\/image\/"}},{"@type":"Person","@id":"https:\/\/danilagenco.com\/#\/schema\/person\/2f23c68b14c44e078143972f4361ec12","name":"jessicaperezweb","image":{"@type":"ImageObject","inLanguage":"en-US","@id":"https:\/\/danilagenco.com\/#\/schema\/person\/image\/","url":"https:\/\/secure.gravatar.com\/avatar\/736d87b0bd945ab01adf5c249ecd25c4f19c1187b8043c776d03fbb99b7c45ca?s=96&d=mm&r=g","contentUrl":"https:\/\/secure.gravatar.com\/avatar\/736d87b0bd945ab01adf5c249ecd25c4f19c1187b8043c776d03fbb99b7c45ca?s=96&d=mm&r=g","caption":"jessicaperezweb"},"sameAs":["https:\/\/danilagenco.com"],"url":"https:\/\/danilagenco.com\/en\/author\/jessicaperezweb\/"}]}},"_links":{"self":[{"href":"https:\/\/danilagenco.com\/en\/wp-json\/wp\/v2\/posts\/932","targetHints":{"allow":["GET"]}}],"collection":[{"href":"https:\/\/danilagenco.com\/en\/wp-json\/wp\/v2\/posts"}],"about":[{"href":"https:\/\/danilagenco.com\/en\/wp-json\/wp\/v2\/types\/post"}],"author":[{"embeddable":true,"href":"https:\/\/danilagenco.com\/en\/wp-json\/wp\/v2\/users\/1"}],"replies":[{"embeddable":true,"href":"https:\/\/danilagenco.com\/en\/wp-json\/wp\/v2\/comments?post=932"}],"version-history":[{"count":2,"href":"https:\/\/danilagenco.com\/en\/wp-json\/wp\/v2\/posts\/932\/revisions"}],"predecessor-version":[{"id":1088,"href":"https:\/\/danilagenco.com\/en\/wp-json\/wp\/v2\/posts\/932\/revisions\/1088"}],"wp:featuredmedia":[{"embeddable":true,"href":"https:\/\/danilagenco.com\/en\/wp-json\/wp\/v2\/media\/942"}],"wp:attachment":[{"href":"https:\/\/danilagenco.com\/en\/wp-json\/wp\/v2\/media?parent=932"}],"wp:term":[{"taxonomy":"category","embeddable":true,"href":"https:\/\/danilagenco.com\/en\/wp-json\/wp\/v2\/categories?post=932"},{"taxonomy":"post_tag","embeddable":true,"href":"https:\/\/danilagenco.com\/en\/wp-json\/wp\/v2\/tags?post=932"}],"curies":[{"name":"wp","href":"https:\/\/api.w.org\/{rel}","templated":true}]}}